{"id":2464,"date":"2022-03-21T14:01:52","date_gmt":"2022-03-21T13:01:52","guid":{"rendered":"https:\/\/catedradelcalzado.umh.es\/?p=2464"},"modified":"2022-03-21T14:01:52","modified_gmt":"2022-03-21T13:01:52","slug":"la-iniciativa-de-zapatillas-veganas-laud-recycled-del-parque-cientifico-reconocida-en-los-premios-ecores-del-ayuntamiento-de-alzira","status":"publish","type":"post","link":"https:\/\/catedradelcalzado.umh.es\/ca\/2022\/03\/21\/la-iniciativa-de-zapatillas-veganas-laud-recycled-del-parque-cientifico-reconocida-en-los-premios-ecores-del-ayuntamiento-de-alzira\/","title":{"rendered":"<span lang=\"es\">(Espa\u00f1ol) La iniciativa de zapatillas veganas La\u00fcd Recycled del Parque Cient\u00edfico, reconocida en los \u2018Premios EcoRes\u2019 del Ayuntamiento de Alzira<\/span>"},"content":{"rendered":"<p class=\"qtranxs-available-languages-message qtranxs-available-languages-message-ca\">Ho sentim, aquesta entrada es troba disponible \u00fanicament en <a href=\"https:\/\/catedradelcalzado.umh.es\/es\/wp-json\/wp\/v2\/posts\/2464\" class=\"qtranxs-available-language-link qtranxs-available-language-link-es\" title=\"Espa\u00f1ol\">Espanyol Europeu<\/a>.<\/p>","protected":false},"excerpt":{"rendered":"<p>Ho sentim, aquesta entrada es troba disponible \u00fanicament en Espanyol Europeu.<\/p>\n","protected":false},"author":167,"featured_media":0,"comment_status":"closed","ping_status":"open","sticky":false,"template":"","format":"standard","meta":{"_links_to":"","_links_to_target":""},"categories":[228],"tags":[],"_links":{"self":[{"href":"https:\/\/catedradelcalzado.umh.es\/ca\/wp-json\/wp\/v2\/posts\/2464"}],"collection":[{"href":"https:\/\/catedradelcalzado.umh.es\/ca\/wp-json\/wp\/v2\/posts"}],"about":[{"href":"https:\/\/catedradelcalzado.umh.es\/ca\/wp-json\/wp\/v2\/types\/post"}],"author":[{"embeddable":true,"href":"https:\/\/catedradelcalzado.umh.es\/ca\/wp-json\/wp\/v2\/users\/167"}],"replies":[{"embeddable":true,"href":"https:\/\/catedradelcalzado.umh.es\/ca\/wp-json\/wp\/v2\/comments?post=2464"}],"version-history":[{"count":0,"href":"https:\/\/catedradelcalzado.umh.es\/ca\/wp-json\/wp\/v2\/posts\/2464\/revisions"}],"wp:attachment":[{"href":"https:\/\/catedradelcalzado.umh.es\/ca\/wp-json\/wp\/v2\/media?parent=2464"}],"wp:term":[{"taxonomy":"category","embeddable":true,"href":"https:\/\/catedradelcalzado.umh.es\/ca\/wp-json\/wp\/v2\/categories?post=2464"},{"taxonomy":"post_tag","embeddable":true,"href":"https:\/\/catedradelcalzado.umh.es\/ca\/wp-json\/wp\/v2\/tags?post=2464"}],"curies":[{"name":"wp","href":"https:\/\/api.w.org\/{rel}","templated":true}]}}