{"id":2945,"date":"2022-05-03T19:53:04","date_gmt":"2022-05-03T17:53:04","guid":{"rendered":"https:\/\/catedradelcalzado.umh.es\/?p=2945"},"modified":"2022-05-03T19:54:47","modified_gmt":"2022-05-03T17:54:47","slug":"curso-de-invierno-umh-25-de-mayo-de-2022-sesion-v-jovenes-de-exito-en-el-calzado-juventud-emprendedora-y-exito-en-el-calzado","status":"publish","type":"post","link":"https:\/\/catedradelcalzado.umh.es\/ca\/2022\/05\/03\/curso-de-invierno-umh-25-de-mayo-de-2022-sesion-v-jovenes-de-exito-en-el-calzado-juventud-emprendedora-y-exito-en-el-calzado\/","title":{"rendered":"<span lang=\"es\">(Espa\u00f1ol) Curso de Invierno UMH:  25 de mayo de 2022 &#8211; J\u00d3VENES DE \u00c9XITO EN EL CALZADO. Juventud emprendedora y \u00e9xito en el calzado.<\/span>"},"content":{"rendered":"<p class=\"qtranxs-available-languages-message qtranxs-available-languages-message-ca\">Ho sentim, aquesta entrada es troba disponible \u00fanicament en <a href=\"https:\/\/catedradelcalzado.umh.es\/es\/wp-json\/wp\/v2\/posts\/2945\" class=\"qtranxs-available-language-link qtranxs-available-language-link-es\" title=\"Espa\u00f1ol\">Espanyol Europeu<\/a>.<\/p>","protected":false},"excerpt":{"rendered":"<p>Ho sentim, aquesta entrada es troba disponible \u00fanicament en Espanyol Europeu.<\/p>\n","protected":false},"author":167,"featured_media":0,"comment_status":"closed","ping_status":"open","sticky":false,"template":"","format":"standard","meta":{"_links_to":"","_links_to_target":""},"categories":[228],"tags":[],"_links":{"self":[{"href":"https:\/\/catedradelcalzado.umh.es\/ca\/wp-json\/wp\/v2\/posts\/2945"}],"collection":[{"href":"https:\/\/catedradelcalzado.umh.es\/ca\/wp-json\/wp\/v2\/posts"}],"about":[{"href":"https:\/\/catedradelcalzado.umh.es\/ca\/wp-json\/wp\/v2\/types\/post"}],"author":[{"embeddable":true,"href":"https:\/\/catedradelcalzado.umh.es\/ca\/wp-json\/wp\/v2\/users\/167"}],"replies":[{"embeddable":true,"href":"https:\/\/catedradelcalzado.umh.es\/ca\/wp-json\/wp\/v2\/comments?post=2945"}],"version-history":[{"count":0,"href":"https:\/\/catedradelcalzado.umh.es\/ca\/wp-json\/wp\/v2\/posts\/2945\/revisions"}],"wp:attachment":[{"href":"https:\/\/catedradelcalzado.umh.es\/ca\/wp-json\/wp\/v2\/media?parent=2945"}],"wp:term":[{"taxonomy":"category","embeddable":true,"href":"https:\/\/catedradelcalzado.umh.es\/ca\/wp-json\/wp\/v2\/categories?post=2945"},{"taxonomy":"post_tag","embeddable":true,"href":"https:\/\/catedradelcalzado.umh.es\/ca\/wp-json\/wp\/v2\/tags?post=2945"}],"curies":[{"name":"wp","href":"https:\/\/api.w.org\/{rel}","templated":true}]}}