{"id":3527,"date":"2022-07-13T10:29:31","date_gmt":"2022-07-13T08:29:31","guid":{"rendered":"https:\/\/catedradelcalzado.umh.es\/?p=3527"},"modified":"2022-07-13T10:29:31","modified_gmt":"2022-07-13T08:29:31","slug":"disenan-en-elche-un-metodo-para-valorar-la-comodidad-del-calzado-a-traves-de-la-neurotecnologia","status":"publish","type":"post","link":"https:\/\/catedradelcalzado.umh.es\/ca\/2022\/07\/13\/disenan-en-elche-un-metodo-para-valorar-la-comodidad-del-calzado-a-traves-de-la-neurotecnologia\/","title":{"rendered":"<span lang=\"es\">(Espa\u00f1ol) Dise\u00f1an en Elche un m\u00e9todo para valorar la comodidad del calzado a trav\u00e9s de la neurotecnolog\u00eda<\/span>"},"content":{"rendered":"<p class=\"qtranxs-available-languages-message qtranxs-available-languages-message-ca\">Ho sentim, aquesta entrada es troba disponible \u00fanicament en <a href=\"https:\/\/catedradelcalzado.umh.es\/es\/wp-json\/wp\/v2\/posts\/3527\" class=\"qtranxs-available-language-link qtranxs-available-language-link-es\" title=\"Espa\u00f1ol\">Espanyol Europeu<\/a>.<\/p>","protected":false},"excerpt":{"rendered":"<p>Ho sentim, aquesta entrada es troba disponible \u00fanicament en Espanyol Europeu.<\/p>\n","protected":false},"author":167,"featured_media":0,"comment_status":"closed","ping_status":"open","sticky":false,"template":"","format":"standard","meta":{"_links_to":"","_links_to_target":""},"categories":[228],"tags":[],"_links":{"self":[{"href":"https:\/\/catedradelcalzado.umh.es\/ca\/wp-json\/wp\/v2\/posts\/3527"}],"collection":[{"href":"https:\/\/catedradelcalzado.umh.es\/ca\/wp-json\/wp\/v2\/posts"}],"about":[{"href":"https:\/\/catedradelcalzado.umh.es\/ca\/wp-json\/wp\/v2\/types\/post"}],"author":[{"embeddable":true,"href":"https:\/\/catedradelcalzado.umh.es\/ca\/wp-json\/wp\/v2\/users\/167"}],"replies":[{"embeddable":true,"href":"https:\/\/catedradelcalzado.umh.es\/ca\/wp-json\/wp\/v2\/comments?post=3527"}],"version-history":[{"count":0,"href":"https:\/\/catedradelcalzado.umh.es\/ca\/wp-json\/wp\/v2\/posts\/3527\/revisions"}],"wp:attachment":[{"href":"https:\/\/catedradelcalzado.umh.es\/ca\/wp-json\/wp\/v2\/media?parent=3527"}],"wp:term":[{"taxonomy":"category","embeddable":true,"href":"https:\/\/catedradelcalzado.umh.es\/ca\/wp-json\/wp\/v2\/categories?post=3527"},{"taxonomy":"post_tag","embeddable":true,"href":"https:\/\/catedradelcalzado.umh.es\/ca\/wp-json\/wp\/v2\/tags?post=3527"}],"curies":[{"name":"wp","href":"https:\/\/api.w.org\/{rel}","templated":true}]}}