{"id":3655,"date":"2022-07-26T14:11:31","date_gmt":"2022-07-26T12:11:31","guid":{"rendered":"https:\/\/catedradelcalzado.umh.es\/?p=3655"},"modified":"2022-07-26T14:11:31","modified_gmt":"2022-07-26T12:11:31","slug":"curso-de-verano-miguel-hernandez-80-anos-despues","status":"publish","type":"post","link":"https:\/\/catedradelcalzado.umh.es\/ca\/2022\/07\/26\/curso-de-verano-miguel-hernandez-80-anos-despues\/","title":{"rendered":"<span lang=\"es\">(Espa\u00f1ol) Curso de Verano &#8220;Miguel Hern\u00e1ndez 80 a\u00f1os despu\u00e9s&#8221;<\/span>"},"content":{"rendered":"<p class=\"qtranxs-available-languages-message qtranxs-available-languages-message-ca\">Ho sentim, aquesta entrada es troba disponible \u00fanicament en <a href=\"https:\/\/catedradelcalzado.umh.es\/es\/wp-json\/wp\/v2\/posts\/3655\" class=\"qtranxs-available-language-link qtranxs-available-language-link-es\" title=\"Espa\u00f1ol\">Espanyol Europeu<\/a>.<\/p>","protected":false},"excerpt":{"rendered":"<p>Ho sentim, aquesta entrada es troba disponible \u00fanicament en Espanyol Europeu.<\/p>\n","protected":false},"author":167,"featured_media":0,"comment_status":"closed","ping_status":"open","sticky":false,"template":"","format":"standard","meta":{"_links_to":"","_links_to_target":""},"categories":[228],"tags":[],"_links":{"self":[{"href":"https:\/\/catedradelcalzado.umh.es\/ca\/wp-json\/wp\/v2\/posts\/3655"}],"collection":[{"href":"https:\/\/catedradelcalzado.umh.es\/ca\/wp-json\/wp\/v2\/posts"}],"about":[{"href":"https:\/\/catedradelcalzado.umh.es\/ca\/wp-json\/wp\/v2\/types\/post"}],"author":[{"embeddable":true,"href":"https:\/\/catedradelcalzado.umh.es\/ca\/wp-json\/wp\/v2\/users\/167"}],"replies":[{"embeddable":true,"href":"https:\/\/catedradelcalzado.umh.es\/ca\/wp-json\/wp\/v2\/comments?post=3655"}],"version-history":[{"count":0,"href":"https:\/\/catedradelcalzado.umh.es\/ca\/wp-json\/wp\/v2\/posts\/3655\/revisions"}],"wp:attachment":[{"href":"https:\/\/catedradelcalzado.umh.es\/ca\/wp-json\/wp\/v2\/media?parent=3655"}],"wp:term":[{"taxonomy":"category","embeddable":true,"href":"https:\/\/catedradelcalzado.umh.es\/ca\/wp-json\/wp\/v2\/categories?post=3655"},{"taxonomy":"post_tag","embeddable":true,"href":"https:\/\/catedradelcalzado.umh.es\/ca\/wp-json\/wp\/v2\/tags?post=3655"}],"curies":[{"name":"wp","href":"https:\/\/api.w.org\/{rel}","templated":true}]}}