{"id":3989,"date":"2022-10-06T09:04:11","date_gmt":"2022-10-06T07:04:11","guid":{"rendered":"https:\/\/catedradelcalzado.umh.es\/?p=3989"},"modified":"2022-10-06T09:04:11","modified_gmt":"2022-10-06T07:04:11","slug":"la-mejor-calzada-de-espana-en-el-ano-2021-regresa-a-elda-para-visitar-el-museo-del-calzado","status":"publish","type":"post","link":"https:\/\/catedradelcalzado.umh.es\/ca\/2022\/10\/06\/la-mejor-calzada-de-espana-en-el-ano-2021-regresa-a-elda-para-visitar-el-museo-del-calzado\/","title":{"rendered":"<span lang=\"es\">(Espa\u00f1ol) La Mejor Calzada de Espa\u00f1a en el a\u00f1o 2021 regresa a Elda para visitar el Museo del Calzado<\/span>"},"content":{"rendered":"<p class=\"qtranxs-available-languages-message qtranxs-available-languages-message-ca\">Ho sentim, aquesta entrada es troba disponible \u00fanicament en <a href=\"https:\/\/catedradelcalzado.umh.es\/es\/wp-json\/wp\/v2\/posts\/3989\" class=\"qtranxs-available-language-link qtranxs-available-language-link-es\" title=\"Espa\u00f1ol\">Espanyol Europeu<\/a>.<\/p>","protected":false},"excerpt":{"rendered":"<p>Ho sentim, aquesta entrada es troba disponible \u00fanicament en Espanyol Europeu.<\/p>\n","protected":false},"author":167,"featured_media":0,"comment_status":"closed","ping_status":"open","sticky":false,"template":"","format":"standard","meta":{"_links_to":"","_links_to_target":""},"categories":[228],"tags":[],"_links":{"self":[{"href":"https:\/\/catedradelcalzado.umh.es\/ca\/wp-json\/wp\/v2\/posts\/3989"}],"collection":[{"href":"https:\/\/catedradelcalzado.umh.es\/ca\/wp-json\/wp\/v2\/posts"}],"about":[{"href":"https:\/\/catedradelcalzado.umh.es\/ca\/wp-json\/wp\/v2\/types\/post"}],"author":[{"embeddable":true,"href":"https:\/\/catedradelcalzado.umh.es\/ca\/wp-json\/wp\/v2\/users\/167"}],"replies":[{"embeddable":true,"href":"https:\/\/catedradelcalzado.umh.es\/ca\/wp-json\/wp\/v2\/comments?post=3989"}],"version-history":[{"count":0,"href":"https:\/\/catedradelcalzado.umh.es\/ca\/wp-json\/wp\/v2\/posts\/3989\/revisions"}],"wp:attachment":[{"href":"https:\/\/catedradelcalzado.umh.es\/ca\/wp-json\/wp\/v2\/media?parent=3989"}],"wp:term":[{"taxonomy":"category","embeddable":true,"href":"https:\/\/catedradelcalzado.umh.es\/ca\/wp-json\/wp\/v2\/categories?post=3989"},{"taxonomy":"post_tag","embeddable":true,"href":"https:\/\/catedradelcalzado.umh.es\/ca\/wp-json\/wp\/v2\/tags?post=3989"}],"curies":[{"name":"wp","href":"https:\/\/api.w.org\/{rel}","templated":true}]}}