{"id":4950,"date":"2023-02-21T21:38:41","date_gmt":"2023-02-21T20:38:41","guid":{"rendered":"https:\/\/catedradelcalzado.umh.es\/?p=4950"},"modified":"2023-02-21T21:38:41","modified_gmt":"2023-02-21T20:38:41","slug":"el-calzado-valenciano-con-el-33-procedente-de-elche-pulsa-en-milan-el-impacto-de-la-inflacion-en-las-ventas","status":"publish","type":"post","link":"https:\/\/catedradelcalzado.umh.es\/ca\/2023\/02\/21\/el-calzado-valenciano-con-el-33-procedente-de-elche-pulsa-en-milan-el-impacto-de-la-inflacion-en-las-ventas\/","title":{"rendered":"<span lang=\"es\">(Espa\u00f1ol) El calzado valenciano, con el 33% procedente de Elche, pulsa en Mil\u00e1n el impacto de la inflaci\u00f3n en las ventas<\/span>"},"content":{"rendered":"<p class=\"qtranxs-available-languages-message qtranxs-available-languages-message-ca\">Ho sentim, aquesta entrada es troba disponible \u00fanicament en <a href=\"https:\/\/catedradelcalzado.umh.es\/es\/wp-json\/wp\/v2\/posts\/4950\" class=\"qtranxs-available-language-link qtranxs-available-language-link-es\" title=\"Espa\u00f1ol\">Espanyol Europeu<\/a>.<\/p>","protected":false},"excerpt":{"rendered":"<p>Ho sentim, aquesta entrada es troba disponible \u00fanicament en Espanyol Europeu.<\/p>\n","protected":false},"author":167,"featured_media":0,"comment_status":"closed","ping_status":"open","sticky":false,"template":"","format":"standard","meta":{"_links_to":"","_links_to_target":""},"categories":[228],"tags":[],"_links":{"self":[{"href":"https:\/\/catedradelcalzado.umh.es\/ca\/wp-json\/wp\/v2\/posts\/4950"}],"collection":[{"href":"https:\/\/catedradelcalzado.umh.es\/ca\/wp-json\/wp\/v2\/posts"}],"about":[{"href":"https:\/\/catedradelcalzado.umh.es\/ca\/wp-json\/wp\/v2\/types\/post"}],"author":[{"embeddable":true,"href":"https:\/\/catedradelcalzado.umh.es\/ca\/wp-json\/wp\/v2\/users\/167"}],"replies":[{"embeddable":true,"href":"https:\/\/catedradelcalzado.umh.es\/ca\/wp-json\/wp\/v2\/comments?post=4950"}],"version-history":[{"count":0,"href":"https:\/\/catedradelcalzado.umh.es\/ca\/wp-json\/wp\/v2\/posts\/4950\/revisions"}],"wp:attachment":[{"href":"https:\/\/catedradelcalzado.umh.es\/ca\/wp-json\/wp\/v2\/media?parent=4950"}],"wp:term":[{"taxonomy":"category","embeddable":true,"href":"https:\/\/catedradelcalzado.umh.es\/ca\/wp-json\/wp\/v2\/categories?post=4950"},{"taxonomy":"post_tag","embeddable":true,"href":"https:\/\/catedradelcalzado.umh.es\/ca\/wp-json\/wp\/v2\/tags?post=4950"}],"curies":[{"name":"wp","href":"https:\/\/api.w.org\/{rel}","templated":true}]}}