{"id":633,"date":"2021-03-19T10:35:05","date_gmt":"2021-03-19T09:35:05","guid":{"rendered":"https:\/\/catedradelcalzado.umh.es\/?p=633"},"modified":"2021-03-19T10:35:05","modified_gmt":"2021-03-19T09:35:05","slug":"elche-pedira-al-ministerio-de-industria-la-inclusion-del-calzado-en-el-reciente-plan-de-ayudas-del-gobierno","status":"publish","type":"post","link":"https:\/\/catedradelcalzado.umh.es\/ca\/2021\/03\/19\/elche-pedira-al-ministerio-de-industria-la-inclusion-del-calzado-en-el-reciente-plan-de-ayudas-del-gobierno\/","title":{"rendered":"<span lang=\"es\">(Espa\u00f1ol) Elche pedir\u00e1 al Ministerio de Industria la inclusi\u00f3n del calzado en el reciente plan de ayudas del Gobierno<\/span>"},"content":{"rendered":"<p class=\"qtranxs-available-languages-message qtranxs-available-languages-message-ca\">Ho sentim, aquesta entrada es troba disponible \u00fanicament en <a href=\"https:\/\/catedradelcalzado.umh.es\/es\/wp-json\/wp\/v2\/posts\/633\" class=\"qtranxs-available-language-link qtranxs-available-language-link-es\" title=\"Espa\u00f1ol\">Espanyol Europeu<\/a>.<\/p>","protected":false},"excerpt":{"rendered":"<p>Ho sentim, aquesta entrada es troba disponible \u00fanicament en Espanyol Europeu.<\/p>\n","protected":false},"author":167,"featured_media":0,"comment_status":"closed","ping_status":"open","sticky":false,"template":"","format":"standard","meta":{"_links_to":"","_links_to_target":""},"categories":[228],"tags":[],"_links":{"self":[{"href":"https:\/\/catedradelcalzado.umh.es\/ca\/wp-json\/wp\/v2\/posts\/633"}],"collection":[{"href":"https:\/\/catedradelcalzado.umh.es\/ca\/wp-json\/wp\/v2\/posts"}],"about":[{"href":"https:\/\/catedradelcalzado.umh.es\/ca\/wp-json\/wp\/v2\/types\/post"}],"author":[{"embeddable":true,"href":"https:\/\/catedradelcalzado.umh.es\/ca\/wp-json\/wp\/v2\/users\/167"}],"replies":[{"embeddable":true,"href":"https:\/\/catedradelcalzado.umh.es\/ca\/wp-json\/wp\/v2\/comments?post=633"}],"version-history":[{"count":0,"href":"https:\/\/catedradelcalzado.umh.es\/ca\/wp-json\/wp\/v2\/posts\/633\/revisions"}],"wp:attachment":[{"href":"https:\/\/catedradelcalzado.umh.es\/ca\/wp-json\/wp\/v2\/media?parent=633"}],"wp:term":[{"taxonomy":"category","embeddable":true,"href":"https:\/\/catedradelcalzado.umh.es\/ca\/wp-json\/wp\/v2\/categories?post=633"},{"taxonomy":"post_tag","embeddable":true,"href":"https:\/\/catedradelcalzado.umh.es\/ca\/wp-json\/wp\/v2\/tags?post=633"}],"curies":[{"name":"wp","href":"https:\/\/api.w.org\/{rel}","templated":true}]}}