{"id":823,"date":"2021-04-28T14:20:10","date_gmt":"2021-04-28T12:20:10","guid":{"rendered":"https:\/\/catedradelcalzado.umh.es\/?p=823"},"modified":"2021-04-28T14:22:19","modified_gmt":"2021-04-28T12:22:19","slug":"la-catedra-del-calzado-san-crispin-otorga-el-premio-al-proyecto-en-el-ambito-del-calzado-a-d13c-studio-en-la10a-maraton-de-creacion-de-start-ups-umh","status":"publish","type":"post","link":"https:\/\/catedradelcalzado.umh.es\/ca\/2021\/04\/28\/la-catedra-del-calzado-san-crispin-otorga-el-premio-al-proyecto-en-el-ambito-del-calzado-a-d13c-studio-en-la10a-maraton-de-creacion-de-start-ups-umh\/","title":{"rendered":"<span lang=\"es\">(Espa\u00f1ol) La C\u00e1tedra del Calzado San Crisp\u00edn otorga el premio al proyecto en el \u00e1mbito del calzado a D13c Studio en la 10\u00aa Marat\u00f3n de Creaci\u00f3n de Start-ups UMH<\/span>"},"content":{"rendered":"<p class=\"qtranxs-available-languages-message qtranxs-available-languages-message-ca\">Ho sentim, aquesta entrada es troba disponible \u00fanicament en <a href=\"https:\/\/catedradelcalzado.umh.es\/es\/wp-json\/wp\/v2\/posts\/823\" class=\"qtranxs-available-language-link qtranxs-available-language-link-es\" title=\"Espa\u00f1ol\">Espanyol Europeu<\/a>.<\/p>","protected":false},"excerpt":{"rendered":"<p>Ho sentim, aquesta entrada es troba disponible \u00fanicament en Espanyol Europeu.<\/p>\n","protected":false},"author":167,"featured_media":0,"comment_status":"closed","ping_status":"open","sticky":false,"template":"","format":"standard","meta":{"_links_to":"","_links_to_target":""},"categories":[228],"tags":[],"_links":{"self":[{"href":"https:\/\/catedradelcalzado.umh.es\/ca\/wp-json\/wp\/v2\/posts\/823"}],"collection":[{"href":"https:\/\/catedradelcalzado.umh.es\/ca\/wp-json\/wp\/v2\/posts"}],"about":[{"href":"https:\/\/catedradelcalzado.umh.es\/ca\/wp-json\/wp\/v2\/types\/post"}],"author":[{"embeddable":true,"href":"https:\/\/catedradelcalzado.umh.es\/ca\/wp-json\/wp\/v2\/users\/167"}],"replies":[{"embeddable":true,"href":"https:\/\/catedradelcalzado.umh.es\/ca\/wp-json\/wp\/v2\/comments?post=823"}],"version-history":[{"count":0,"href":"https:\/\/catedradelcalzado.umh.es\/ca\/wp-json\/wp\/v2\/posts\/823\/revisions"}],"wp:attachment":[{"href":"https:\/\/catedradelcalzado.umh.es\/ca\/wp-json\/wp\/v2\/media?parent=823"}],"wp:term":[{"taxonomy":"category","embeddable":true,"href":"https:\/\/catedradelcalzado.umh.es\/ca\/wp-json\/wp\/v2\/categories?post=823"},{"taxonomy":"post_tag","embeddable":true,"href":"https:\/\/catedradelcalzado.umh.es\/ca\/wp-json\/wp\/v2\/tags?post=823"}],"curies":[{"name":"wp","href":"https:\/\/api.w.org\/{rel}","templated":true}]}}