{"id":2002,"date":"2022-01-27T13:49:31","date_gmt":"2022-01-27T12:49:31","guid":{"rendered":"https:\/\/catedradelcalzado.umh.es\/?p=2002"},"modified":"2022-01-27T13:49:31","modified_gmt":"2022-01-27T12:49:31","slug":"el-pcumh-y-asociacion-espanola-de-empresas-de-componentes-para-el-calzado-colaboran-para-impulsar-la-innovacion-en-este-sector","status":"publish","type":"post","link":"https:\/\/catedradelcalzado.umh.es\/en\/2022\/01\/27\/el-pcumh-y-asociacion-espanola-de-empresas-de-componentes-para-el-calzado-colaboran-para-impulsar-la-innovacion-en-este-sector\/","title":{"rendered":"<span lang=\"es\">(Espa\u00f1ol) El PCUMH y Asociaci\u00f3n Espa\u00f1ola de Empresas de Componentes para el Calzado colaboran para impulsar la innovaci\u00f3n en este sector<\/span>"},"content":{"rendered":"<p class=\"qtranxs-available-languages-message qtranxs-available-languages-message-en\">Sorry, this entry is only available in <a href=\"https:\/\/catedradelcalzado.umh.es\/es\/wp-json\/wp\/v2\/posts\/2002\" class=\"qtranxs-available-language-link qtranxs-available-language-link-es\" title=\"Espa\u00f1ol\">European Spanish<\/a>.<\/p>","protected":false},"excerpt":{"rendered":"<p>Sorry, this entry is only available in European Spanish.<\/p>\n","protected":false},"author":167,"featured_media":0,"comment_status":"closed","ping_status":"open","sticky":false,"template":"","format":"standard","meta":{"_links_to":"","_links_to_target":""},"categories":[228],"tags":[],"_links":{"self":[{"href":"https:\/\/catedradelcalzado.umh.es\/en\/wp-json\/wp\/v2\/posts\/2002"}],"collection":[{"href":"https:\/\/catedradelcalzado.umh.es\/en\/wp-json\/wp\/v2\/posts"}],"about":[{"href":"https:\/\/catedradelcalzado.umh.es\/en\/wp-json\/wp\/v2\/types\/post"}],"author":[{"embeddable":true,"href":"https:\/\/catedradelcalzado.umh.es\/en\/wp-json\/wp\/v2\/users\/167"}],"replies":[{"embeddable":true,"href":"https:\/\/catedradelcalzado.umh.es\/en\/wp-json\/wp\/v2\/comments?post=2002"}],"version-history":[{"count":0,"href":"https:\/\/catedradelcalzado.umh.es\/en\/wp-json\/wp\/v2\/posts\/2002\/revisions"}],"wp:attachment":[{"href":"https:\/\/catedradelcalzado.umh.es\/en\/wp-json\/wp\/v2\/media?parent=2002"}],"wp:term":[{"taxonomy":"category","embeddable":true,"href":"https:\/\/catedradelcalzado.umh.es\/en\/wp-json\/wp\/v2\/categories?post=2002"},{"taxonomy":"post_tag","embeddable":true,"href":"https:\/\/catedradelcalzado.umh.es\/en\/wp-json\/wp\/v2\/tags?post=2002"}],"curies":[{"name":"wp","href":"https:\/\/api.w.org\/{rel}","templated":true}]}}