{"id":2419,"date":"2022-03-21T10:34:31","date_gmt":"2022-03-21T09:34:31","guid":{"rendered":"https:\/\/catedradelcalzado.umh.es\/?p=2419"},"modified":"2022-03-21T10:34:31","modified_gmt":"2022-03-21T09:34:31","slug":"el-marques-de-carrus-levanta-pasion-en-elche-para-presentar-su-biografia-el-primer-gran-exportador-de-calzado-a-eeuu","status":"publish","type":"post","link":"https:\/\/catedradelcalzado.umh.es\/en\/2022\/03\/21\/el-marques-de-carrus-levanta-pasion-en-elche-para-presentar-su-biografia-el-primer-gran-exportador-de-calzado-a-eeuu\/","title":{"rendered":"<span lang=\"es\">(Espa\u00f1ol) El &#8216;marqu\u00e9s de Carr\u00fas&#8217; levanta pasi\u00f3n en Elche para presentar su biograf\u00eda: el primer gran exportador de calzado a EEUU<\/span>"},"content":{"rendered":"<p class=\"qtranxs-available-languages-message qtranxs-available-languages-message-en\">Sorry, this entry is only available in <a href=\"https:\/\/catedradelcalzado.umh.es\/es\/wp-json\/wp\/v2\/posts\/2419\" class=\"qtranxs-available-language-link qtranxs-available-language-link-es\" title=\"Espa\u00f1ol\">European Spanish<\/a>.<\/p>","protected":false},"excerpt":{"rendered":"<p>Sorry, this entry is only available in European Spanish.<\/p>\n","protected":false},"author":167,"featured_media":0,"comment_status":"closed","ping_status":"open","sticky":false,"template":"","format":"standard","meta":{"_links_to":"","_links_to_target":""},"categories":[228],"tags":[],"_links":{"self":[{"href":"https:\/\/catedradelcalzado.umh.es\/en\/wp-json\/wp\/v2\/posts\/2419"}],"collection":[{"href":"https:\/\/catedradelcalzado.umh.es\/en\/wp-json\/wp\/v2\/posts"}],"about":[{"href":"https:\/\/catedradelcalzado.umh.es\/en\/wp-json\/wp\/v2\/types\/post"}],"author":[{"embeddable":true,"href":"https:\/\/catedradelcalzado.umh.es\/en\/wp-json\/wp\/v2\/users\/167"}],"replies":[{"embeddable":true,"href":"https:\/\/catedradelcalzado.umh.es\/en\/wp-json\/wp\/v2\/comments?post=2419"}],"version-history":[{"count":0,"href":"https:\/\/catedradelcalzado.umh.es\/en\/wp-json\/wp\/v2\/posts\/2419\/revisions"}],"wp:attachment":[{"href":"https:\/\/catedradelcalzado.umh.es\/en\/wp-json\/wp\/v2\/media?parent=2419"}],"wp:term":[{"taxonomy":"category","embeddable":true,"href":"https:\/\/catedradelcalzado.umh.es\/en\/wp-json\/wp\/v2\/categories?post=2419"},{"taxonomy":"post_tag","embeddable":true,"href":"https:\/\/catedradelcalzado.umh.es\/en\/wp-json\/wp\/v2\/tags?post=2419"}],"curies":[{"name":"wp","href":"https:\/\/api.w.org\/{rel}","templated":true}]}}