{"id":2723,"date":"2022-04-05T20:05:47","date_gmt":"2022-04-05T18:05:47","guid":{"rendered":"https:\/\/catedradelcalzado.umh.es\/?p=2723"},"modified":"2022-04-05T20:05:47","modified_gmt":"2022-04-05T18:05:47","slug":"los-bancos-cancelaron-cuentas-a-la-red-china-de-blanqueo-por-no-saber-de-donde-venia-el-dinero","status":"publish","type":"post","link":"https:\/\/catedradelcalzado.umh.es\/en\/2022\/04\/05\/los-bancos-cancelaron-cuentas-a-la-red-china-de-blanqueo-por-no-saber-de-donde-venia-el-dinero\/","title":{"rendered":"<span lang=\"es\">(Espa\u00f1ol) Los bancos cancelaron cuentas a la red china de blanqueo por no saber de d\u00f3nde ven\u00eda el dinero<\/span>"},"content":{"rendered":"<p class=\"qtranxs-available-languages-message qtranxs-available-languages-message-en\">Sorry, this entry is only available in <a href=\"https:\/\/catedradelcalzado.umh.es\/es\/wp-json\/wp\/v2\/posts\/2723\" class=\"qtranxs-available-language-link qtranxs-available-language-link-es\" title=\"Espa\u00f1ol\">European Spanish<\/a>.<\/p>","protected":false},"excerpt":{"rendered":"<p>Sorry, this entry is only available in European Spanish.<\/p>\n","protected":false},"author":167,"featured_media":0,"comment_status":"closed","ping_status":"open","sticky":false,"template":"","format":"standard","meta":{"_links_to":"","_links_to_target":""},"categories":[228],"tags":[],"_links":{"self":[{"href":"https:\/\/catedradelcalzado.umh.es\/en\/wp-json\/wp\/v2\/posts\/2723"}],"collection":[{"href":"https:\/\/catedradelcalzado.umh.es\/en\/wp-json\/wp\/v2\/posts"}],"about":[{"href":"https:\/\/catedradelcalzado.umh.es\/en\/wp-json\/wp\/v2\/types\/post"}],"author":[{"embeddable":true,"href":"https:\/\/catedradelcalzado.umh.es\/en\/wp-json\/wp\/v2\/users\/167"}],"replies":[{"embeddable":true,"href":"https:\/\/catedradelcalzado.umh.es\/en\/wp-json\/wp\/v2\/comments?post=2723"}],"version-history":[{"count":0,"href":"https:\/\/catedradelcalzado.umh.es\/en\/wp-json\/wp\/v2\/posts\/2723\/revisions"}],"wp:attachment":[{"href":"https:\/\/catedradelcalzado.umh.es\/en\/wp-json\/wp\/v2\/media?parent=2723"}],"wp:term":[{"taxonomy":"category","embeddable":true,"href":"https:\/\/catedradelcalzado.umh.es\/en\/wp-json\/wp\/v2\/categories?post=2723"},{"taxonomy":"post_tag","embeddable":true,"href":"https:\/\/catedradelcalzado.umh.es\/en\/wp-json\/wp\/v2\/tags?post=2723"}],"curies":[{"name":"wp","href":"https:\/\/api.w.org\/{rel}","templated":true}]}}