{"id":2827,"date":"2022-04-22T12:46:08","date_gmt":"2022-04-22T10:46:08","guid":{"rendered":"https:\/\/catedradelcalzado.umh.es\/?p=2827"},"modified":"2022-04-22T12:46:08","modified_gmt":"2022-04-22T10:46:08","slug":"elda-distingue-a-laura-sanchez-con-el-premio-a-la-mejor-calzada-de-espana-2021","status":"publish","type":"post","link":"https:\/\/catedradelcalzado.umh.es\/en\/2022\/04\/22\/elda-distingue-a-laura-sanchez-con-el-premio-a-la-mejor-calzada-de-espana-2021\/","title":{"rendered":"<span lang=\"es\">(Espa\u00f1ol) Elda distingue a Laura S\u00e1nchez con el premio a la Mejor Calzada de Espa\u00f1a 2021<\/span>"},"content":{"rendered":"<p class=\"qtranxs-available-languages-message qtranxs-available-languages-message-en\">Sorry, this entry is only available in <a href=\"https:\/\/catedradelcalzado.umh.es\/es\/wp-json\/wp\/v2\/posts\/2827\" class=\"qtranxs-available-language-link qtranxs-available-language-link-es\" title=\"Espa\u00f1ol\">European Spanish<\/a>.<\/p>","protected":false},"excerpt":{"rendered":"<p>Sorry, this entry is only available in European Spanish.<\/p>\n","protected":false},"author":167,"featured_media":0,"comment_status":"closed","ping_status":"open","sticky":false,"template":"","format":"standard","meta":{"_links_to":"","_links_to_target":""},"categories":[228],"tags":[],"_links":{"self":[{"href":"https:\/\/catedradelcalzado.umh.es\/en\/wp-json\/wp\/v2\/posts\/2827"}],"collection":[{"href":"https:\/\/catedradelcalzado.umh.es\/en\/wp-json\/wp\/v2\/posts"}],"about":[{"href":"https:\/\/catedradelcalzado.umh.es\/en\/wp-json\/wp\/v2\/types\/post"}],"author":[{"embeddable":true,"href":"https:\/\/catedradelcalzado.umh.es\/en\/wp-json\/wp\/v2\/users\/167"}],"replies":[{"embeddable":true,"href":"https:\/\/catedradelcalzado.umh.es\/en\/wp-json\/wp\/v2\/comments?post=2827"}],"version-history":[{"count":0,"href":"https:\/\/catedradelcalzado.umh.es\/en\/wp-json\/wp\/v2\/posts\/2827\/revisions"}],"wp:attachment":[{"href":"https:\/\/catedradelcalzado.umh.es\/en\/wp-json\/wp\/v2\/media?parent=2827"}],"wp:term":[{"taxonomy":"category","embeddable":true,"href":"https:\/\/catedradelcalzado.umh.es\/en\/wp-json\/wp\/v2\/categories?post=2827"},{"taxonomy":"post_tag","embeddable":true,"href":"https:\/\/catedradelcalzado.umh.es\/en\/wp-json\/wp\/v2\/tags?post=2827"}],"curies":[{"name":"wp","href":"https:\/\/api.w.org\/{rel}","templated":true}]}}