{"id":3195,"date":"2022-05-27T16:31:37","date_gmt":"2022-05-27T14:31:37","guid":{"rendered":"https:\/\/catedradelcalzado.umh.es\/?p=3195"},"modified":"2022-05-27T16:31:37","modified_gmt":"2022-05-27T14:31:37","slug":"laura-sanchez-mejor-calzada-de-espana-2021-este-galardon-supone-poner-en-valor-lo-que-haceis-aqui-artesania","status":"publish","type":"post","link":"https:\/\/catedradelcalzado.umh.es\/en\/2022\/05\/27\/laura-sanchez-mejor-calzada-de-espana-2021-este-galardon-supone-poner-en-valor-lo-que-haceis-aqui-artesania\/","title":{"rendered":"<span lang=\"es\">(Espa\u00f1ol) Laura S\u00e1nchez, Mejor Calzada de Espa\u00f1a 2021: \u201cEste galard\u00f3n supone poner en valor lo que hac\u00e9is aqu\u00ed: artesan\u00eda\u201d<\/span>"},"content":{"rendered":"<p class=\"qtranxs-available-languages-message qtranxs-available-languages-message-en\">Sorry, this entry is only available in <a href=\"https:\/\/catedradelcalzado.umh.es\/es\/wp-json\/wp\/v2\/posts\/3195\" class=\"qtranxs-available-language-link qtranxs-available-language-link-es\" title=\"Espa\u00f1ol\">European Spanish<\/a>.<\/p>","protected":false},"excerpt":{"rendered":"<p>Sorry, this entry is only available in European Spanish.<\/p>\n","protected":false},"author":167,"featured_media":0,"comment_status":"closed","ping_status":"open","sticky":false,"template":"","format":"standard","meta":{"_links_to":"","_links_to_target":""},"categories":[228],"tags":[],"_links":{"self":[{"href":"https:\/\/catedradelcalzado.umh.es\/en\/wp-json\/wp\/v2\/posts\/3195"}],"collection":[{"href":"https:\/\/catedradelcalzado.umh.es\/en\/wp-json\/wp\/v2\/posts"}],"about":[{"href":"https:\/\/catedradelcalzado.umh.es\/en\/wp-json\/wp\/v2\/types\/post"}],"author":[{"embeddable":true,"href":"https:\/\/catedradelcalzado.umh.es\/en\/wp-json\/wp\/v2\/users\/167"}],"replies":[{"embeddable":true,"href":"https:\/\/catedradelcalzado.umh.es\/en\/wp-json\/wp\/v2\/comments?post=3195"}],"version-history":[{"count":0,"href":"https:\/\/catedradelcalzado.umh.es\/en\/wp-json\/wp\/v2\/posts\/3195\/revisions"}],"wp:attachment":[{"href":"https:\/\/catedradelcalzado.umh.es\/en\/wp-json\/wp\/v2\/media?parent=3195"}],"wp:term":[{"taxonomy":"category","embeddable":true,"href":"https:\/\/catedradelcalzado.umh.es\/en\/wp-json\/wp\/v2\/categories?post=3195"},{"taxonomy":"post_tag","embeddable":true,"href":"https:\/\/catedradelcalzado.umh.es\/en\/wp-json\/wp\/v2\/tags?post=3195"}],"curies":[{"name":"wp","href":"https:\/\/api.w.org\/{rel}","templated":true}]}}