{"id":4082,"date":"2022-10-20T18:47:18","date_gmt":"2022-10-20T16:47:18","guid":{"rendered":"https:\/\/catedradelcalzado.umh.es\/?p=4082"},"modified":"2022-10-20T18:48:03","modified_gmt":"2022-10-20T16:48:03","slug":"arranca-la-12a-edicion-de-la-maraton-de-creacion-de-start-ups-umh-con-cerca-de-una-treintena-de-proyectos-de-negocio-innovadores","status":"publish","type":"post","link":"https:\/\/catedradelcalzado.umh.es\/en\/2022\/10\/20\/arranca-la-12a-edicion-de-la-maraton-de-creacion-de-start-ups-umh-con-cerca-de-una-treintena-de-proyectos-de-negocio-innovadores\/","title":{"rendered":"<span lang=\"es\">(Espa\u00f1ol) Arranca la 12\u00aa edici\u00f3n de la Marat\u00f3n de Creaci\u00f3n de Start-Ups UMH con cerca de una treintena de proyectos de negocio innovadores<\/span>"},"content":{"rendered":"<p class=\"qtranxs-available-languages-message qtranxs-available-languages-message-en\">Sorry, this entry is only available in <a href=\"https:\/\/catedradelcalzado.umh.es\/es\/wp-json\/wp\/v2\/posts\/4082\" class=\"qtranxs-available-language-link qtranxs-available-language-link-es\" title=\"Espa\u00f1ol\">European Spanish<\/a>.<\/p>","protected":false},"excerpt":{"rendered":"<p>Sorry, this entry is only available in European Spanish.<\/p>\n","protected":false},"author":167,"featured_media":0,"comment_status":"closed","ping_status":"open","sticky":false,"template":"","format":"standard","meta":{"_links_to":"","_links_to_target":""},"categories":[228],"tags":[],"_links":{"self":[{"href":"https:\/\/catedradelcalzado.umh.es\/en\/wp-json\/wp\/v2\/posts\/4082"}],"collection":[{"href":"https:\/\/catedradelcalzado.umh.es\/en\/wp-json\/wp\/v2\/posts"}],"about":[{"href":"https:\/\/catedradelcalzado.umh.es\/en\/wp-json\/wp\/v2\/types\/post"}],"author":[{"embeddable":true,"href":"https:\/\/catedradelcalzado.umh.es\/en\/wp-json\/wp\/v2\/users\/167"}],"replies":[{"embeddable":true,"href":"https:\/\/catedradelcalzado.umh.es\/en\/wp-json\/wp\/v2\/comments?post=4082"}],"version-history":[{"count":0,"href":"https:\/\/catedradelcalzado.umh.es\/en\/wp-json\/wp\/v2\/posts\/4082\/revisions"}],"wp:attachment":[{"href":"https:\/\/catedradelcalzado.umh.es\/en\/wp-json\/wp\/v2\/media?parent=4082"}],"wp:term":[{"taxonomy":"category","embeddable":true,"href":"https:\/\/catedradelcalzado.umh.es\/en\/wp-json\/wp\/v2\/categories?post=4082"},{"taxonomy":"post_tag","embeddable":true,"href":"https:\/\/catedradelcalzado.umh.es\/en\/wp-json\/wp\/v2\/tags?post=4082"}],"curies":[{"name":"wp","href":"https:\/\/api.w.org\/{rel}","templated":true}]}}