{"id":4744,"date":"2023-02-14T16:55:56","date_gmt":"2023-02-14T15:55:56","guid":{"rendered":"https:\/\/catedradelcalzado.umh.es\/?p=4744"},"modified":"2023-02-14T16:55:56","modified_gmt":"2023-02-14T15:55:56","slug":"los-ciclos-de-fp-con-mas-salidas-laborables-en-alicante-para-este-ano","status":"publish","type":"post","link":"https:\/\/catedradelcalzado.umh.es\/en\/2023\/02\/14\/los-ciclos-de-fp-con-mas-salidas-laborables-en-alicante-para-este-ano\/","title":{"rendered":"<span lang=\"es\">(Espa\u00f1ol) Los ciclos de FP con m\u00e1s salidas laborables en Alicante para este a\u00f1o<\/span>"},"content":{"rendered":"<p class=\"qtranxs-available-languages-message qtranxs-available-languages-message-en\">Sorry, this entry is only available in <a href=\"https:\/\/catedradelcalzado.umh.es\/es\/wp-json\/wp\/v2\/posts\/4744\" class=\"qtranxs-available-language-link qtranxs-available-language-link-es\" title=\"Espa\u00f1ol\">European Spanish<\/a>.<\/p>","protected":false},"excerpt":{"rendered":"<p>Sorry, this entry is only available in European Spanish.<\/p>\n","protected":false},"author":167,"featured_media":0,"comment_status":"closed","ping_status":"open","sticky":false,"template":"","format":"standard","meta":{"_links_to":"","_links_to_target":""},"categories":[228],"tags":[],"_links":{"self":[{"href":"https:\/\/catedradelcalzado.umh.es\/en\/wp-json\/wp\/v2\/posts\/4744"}],"collection":[{"href":"https:\/\/catedradelcalzado.umh.es\/en\/wp-json\/wp\/v2\/posts"}],"about":[{"href":"https:\/\/catedradelcalzado.umh.es\/en\/wp-json\/wp\/v2\/types\/post"}],"author":[{"embeddable":true,"href":"https:\/\/catedradelcalzado.umh.es\/en\/wp-json\/wp\/v2\/users\/167"}],"replies":[{"embeddable":true,"href":"https:\/\/catedradelcalzado.umh.es\/en\/wp-json\/wp\/v2\/comments?post=4744"}],"version-history":[{"count":0,"href":"https:\/\/catedradelcalzado.umh.es\/en\/wp-json\/wp\/v2\/posts\/4744\/revisions"}],"wp:attachment":[{"href":"https:\/\/catedradelcalzado.umh.es\/en\/wp-json\/wp\/v2\/media?parent=4744"}],"wp:term":[{"taxonomy":"category","embeddable":true,"href":"https:\/\/catedradelcalzado.umh.es\/en\/wp-json\/wp\/v2\/categories?post=4744"},{"taxonomy":"post_tag","embeddable":true,"href":"https:\/\/catedradelcalzado.umh.es\/en\/wp-json\/wp\/v2\/tags?post=4744"}],"curies":[{"name":"wp","href":"https:\/\/api.w.org\/{rel}","templated":true}]}}