{"id":5264,"date":"2023-04-04T20:37:17","date_gmt":"2023-04-04T18:37:17","guid":{"rendered":"https:\/\/catedradelcalzado.umh.es\/?p=5264"},"modified":"2023-04-04T20:37:17","modified_gmt":"2023-04-04T18:37:17","slug":"la-empresa-studio-ilana-de-elda-acogera-un-programa-formacion-de-aparado-destinado-a-jovenes-sin-empleo","status":"publish","type":"post","link":"https:\/\/catedradelcalzado.umh.es\/en\/2023\/04\/04\/la-empresa-studio-ilana-de-elda-acogera-un-programa-formacion-de-aparado-destinado-a-jovenes-sin-empleo\/","title":{"rendered":"<span lang=\"es\">(Espa\u00f1ol) La empresa Studio Ilana de Elda acoger\u00e1 un programa formaci\u00f3n de aparado destinado a j\u00f3venes sin empleo<\/span>"},"content":{"rendered":"<p class=\"qtranxs-available-languages-message qtranxs-available-languages-message-en\">Sorry, this entry is only available in <a href=\"https:\/\/catedradelcalzado.umh.es\/es\/wp-json\/wp\/v2\/posts\/5264\" class=\"qtranxs-available-language-link qtranxs-available-language-link-es\" title=\"Espa\u00f1ol\">European Spanish<\/a>.<\/p>","protected":false},"excerpt":{"rendered":"<p>Sorry, this entry is only available in European Spanish.<\/p>\n","protected":false},"author":167,"featured_media":0,"comment_status":"closed","ping_status":"open","sticky":false,"template":"","format":"standard","meta":{"_links_to":"","_links_to_target":""},"categories":[228],"tags":[],"_links":{"self":[{"href":"https:\/\/catedradelcalzado.umh.es\/en\/wp-json\/wp\/v2\/posts\/5264"}],"collection":[{"href":"https:\/\/catedradelcalzado.umh.es\/en\/wp-json\/wp\/v2\/posts"}],"about":[{"href":"https:\/\/catedradelcalzado.umh.es\/en\/wp-json\/wp\/v2\/types\/post"}],"author":[{"embeddable":true,"href":"https:\/\/catedradelcalzado.umh.es\/en\/wp-json\/wp\/v2\/users\/167"}],"replies":[{"embeddable":true,"href":"https:\/\/catedradelcalzado.umh.es\/en\/wp-json\/wp\/v2\/comments?post=5264"}],"version-history":[{"count":0,"href":"https:\/\/catedradelcalzado.umh.es\/en\/wp-json\/wp\/v2\/posts\/5264\/revisions"}],"wp:attachment":[{"href":"https:\/\/catedradelcalzado.umh.es\/en\/wp-json\/wp\/v2\/media?parent=5264"}],"wp:term":[{"taxonomy":"category","embeddable":true,"href":"https:\/\/catedradelcalzado.umh.es\/en\/wp-json\/wp\/v2\/categories?post=5264"},{"taxonomy":"post_tag","embeddable":true,"href":"https:\/\/catedradelcalzado.umh.es\/en\/wp-json\/wp\/v2\/tags?post=5264"}],"curies":[{"name":"wp","href":"https:\/\/api.w.org\/{rel}","templated":true}]}}