{"id":752,"date":"2021-04-15T10:32:45","date_gmt":"2021-04-15T08:32:45","guid":{"rendered":"https:\/\/catedradelcalzado.umh.es\/?p=752"},"modified":"2021-04-15T10:32:45","modified_gmt":"2021-04-15T08:32:45","slug":"15-ciudades-zapateras-espanolas-y-la-patronal-se-reunen-el-jueves-en-elche-para-abordar-ayudas-y-el-arancel-de-eeuu","status":"publish","type":"post","link":"https:\/\/catedradelcalzado.umh.es\/en\/2021\/04\/15\/15-ciudades-zapateras-espanolas-y-la-patronal-se-reunen-el-jueves-en-elche-para-abordar-ayudas-y-el-arancel-de-eeuu\/","title":{"rendered":"<span lang=\"es\">(Espa\u00f1ol) 15 ciudades zapateras espa\u00f1olas y la patronal se re\u00fanen el jueves en Elche para abordar ayudas y el arancel de EEUU<\/span>"},"content":{"rendered":"<p class=\"qtranxs-available-languages-message qtranxs-available-languages-message-en\">Sorry, this entry is only available in <a href=\"https:\/\/catedradelcalzado.umh.es\/es\/wp-json\/wp\/v2\/posts\/752\" class=\"qtranxs-available-language-link qtranxs-available-language-link-es\" title=\"Espa\u00f1ol\">European Spanish<\/a>.<\/p>","protected":false},"excerpt":{"rendered":"<p>Sorry, this entry is only available in European Spanish.<\/p>\n","protected":false},"author":167,"featured_media":0,"comment_status":"closed","ping_status":"open","sticky":false,"template":"","format":"standard","meta":{"_links_to":"","_links_to_target":""},"categories":[228],"tags":[],"_links":{"self":[{"href":"https:\/\/catedradelcalzado.umh.es\/en\/wp-json\/wp\/v2\/posts\/752"}],"collection":[{"href":"https:\/\/catedradelcalzado.umh.es\/en\/wp-json\/wp\/v2\/posts"}],"about":[{"href":"https:\/\/catedradelcalzado.umh.es\/en\/wp-json\/wp\/v2\/types\/post"}],"author":[{"embeddable":true,"href":"https:\/\/catedradelcalzado.umh.es\/en\/wp-json\/wp\/v2\/users\/167"}],"replies":[{"embeddable":true,"href":"https:\/\/catedradelcalzado.umh.es\/en\/wp-json\/wp\/v2\/comments?post=752"}],"version-history":[{"count":0,"href":"https:\/\/catedradelcalzado.umh.es\/en\/wp-json\/wp\/v2\/posts\/752\/revisions"}],"wp:attachment":[{"href":"https:\/\/catedradelcalzado.umh.es\/en\/wp-json\/wp\/v2\/media?parent=752"}],"wp:term":[{"taxonomy":"category","embeddable":true,"href":"https:\/\/catedradelcalzado.umh.es\/en\/wp-json\/wp\/v2\/categories?post=752"},{"taxonomy":"post_tag","embeddable":true,"href":"https:\/\/catedradelcalzado.umh.es\/en\/wp-json\/wp\/v2\/tags?post=752"}],"curies":[{"name":"wp","href":"https:\/\/api.w.org\/{rel}","templated":true}]}}