{"id":989,"date":"2021-05-27T10:42:48","date_gmt":"2021-05-27T08:42:48","guid":{"rendered":"https:\/\/catedradelcalzado.umh.es\/?p=989"},"modified":"2021-05-27T10:42:48","modified_gmt":"2021-05-27T08:42:48","slug":"la-patronal-zapatera-alerta-de-que-el-plazo-para-poder-reactivar-los-encargos-paralizados-que-aun-se-mantienen-empieza-a-agotarse-y-avisa-de-que-se-esta-poniendo-contra-las-cuerdas-la-proxima-tempora","status":"publish","type":"post","link":"https:\/\/catedradelcalzado.umh.es\/en\/2021\/05\/27\/la-patronal-zapatera-alerta-de-que-el-plazo-para-poder-reactivar-los-encargos-paralizados-que-aun-se-mantienen-empieza-a-agotarse-y-avisa-de-que-se-esta-poniendo-contra-las-cuerdas-la-proxima-tempora\/","title":{"rendered":"<span lang=\"es\">(Espa\u00f1ol) La patronal zapatera alerta de que el plazo para poder reactivar los encargos paralizados que a\u00fan se mantienen empieza a agotarse, y avisa de que se est\u00e1 poniendo contra las cuerdas la pr\u00f3xima temporada<\/span>"},"content":{"rendered":"<p class=\"qtranxs-available-languages-message qtranxs-available-languages-message-en\">Sorry, this entry is only available in <a href=\"https:\/\/catedradelcalzado.umh.es\/es\/wp-json\/wp\/v2\/posts\/989\" class=\"qtranxs-available-language-link qtranxs-available-language-link-es\" title=\"Espa\u00f1ol\">European Spanish<\/a>.<\/p>","protected":false},"excerpt":{"rendered":"<p>Sorry, this entry is only available in European Spanish.<\/p>\n","protected":false},"author":167,"featured_media":0,"comment_status":"closed","ping_status":"open","sticky":false,"template":"","format":"standard","meta":{"_links_to":"","_links_to_target":""},"categories":[228],"tags":[],"_links":{"self":[{"href":"https:\/\/catedradelcalzado.umh.es\/en\/wp-json\/wp\/v2\/posts\/989"}],"collection":[{"href":"https:\/\/catedradelcalzado.umh.es\/en\/wp-json\/wp\/v2\/posts"}],"about":[{"href":"https:\/\/catedradelcalzado.umh.es\/en\/wp-json\/wp\/v2\/types\/post"}],"author":[{"embeddable":true,"href":"https:\/\/catedradelcalzado.umh.es\/en\/wp-json\/wp\/v2\/users\/167"}],"replies":[{"embeddable":true,"href":"https:\/\/catedradelcalzado.umh.es\/en\/wp-json\/wp\/v2\/comments?post=989"}],"version-history":[{"count":0,"href":"https:\/\/catedradelcalzado.umh.es\/en\/wp-json\/wp\/v2\/posts\/989\/revisions"}],"wp:attachment":[{"href":"https:\/\/catedradelcalzado.umh.es\/en\/wp-json\/wp\/v2\/media?parent=989"}],"wp:term":[{"taxonomy":"category","embeddable":true,"href":"https:\/\/catedradelcalzado.umh.es\/en\/wp-json\/wp\/v2\/categories?post=989"},{"taxonomy":"post_tag","embeddable":true,"href":"https:\/\/catedradelcalzado.umh.es\/en\/wp-json\/wp\/v2\/tags?post=989"}],"curies":[{"name":"wp","href":"https:\/\/api.w.org\/{rel}","templated":true}]}}